{"id":3932,"date":"2025-10-23T06:12:31","date_gmt":"2025-10-23T04:12:31","guid":{"rendered":"https:\/\/www.zsmilikov.cz\/?p=3932"},"modified":"2025-10-23T06:13:05","modified_gmt":"2025-10-23T04:13:05","slug":"pousteni-draku-na-vrchpoli","status":"publish","type":"post","link":"https:\/\/www.zsmilikov.cz\/?p=3932","title":{"rendered":"POU\u0160T\u011aN\u00cd DRAK\u016e NA VRCHPOL\u00cd"},"content":{"rendered":"\n<p class=\"has-black-color has-text-color has-link-color wp-elements-5ff50f37e547a4d6e004ee91a85e80ba\">Spole\u010dn\u011b s polskou \u0161kolkou jsme str\u00e1vili kr\u00e1sn\u00e9 podzimn\u00ed dopoledne p\u0159i pou\u0161t\u011bn\u00ed drak\u016f na Vrchpol\u00ed. Ze \u010dty\u0159 drak\u016f se nakonec do vzduchu odv\u00e1\u017eily vzl\u00e9tnout pouze dva, ale i tak byl v\u00fdhled na placht\u00edc\u00ed draky \u00fa\u017easn\u00fd a d\u011bti nad\u0161en\u00e9. V\u00edtr n\u00e1m p\u0159\u00e1l a v\u0161ichni s radost\u00ed sledovali, jak jejich draci tan\u010d\u00ed mezi oblaky. Nechyb\u011bl sm\u00edch, povzbuzov\u00e1n\u00ed kamar\u00e1d\u016f ani obdiv k t\u011bm nejv\u00fd\u0161e let\u00edc\u00edm drak\u016fm, kte\u0159\u00ed se odv\u00e1\u017eili do vzduchu.<br>Cel\u00e9 dopoledne se neslo v p\u0159\u00e1telsk\u00e9 a vesel\u00e9 atmosf\u00e9\u0159e. I dva odv\u00e1\u017en\u00ed draci sta\u010dili, abychom si v\u0161ichni odnesli spoustu hezk\u00fdch z\u00e1\u017eitk\u016f a \u00fasm\u011bv\u016f.<\/p>\n\n\n\n<p class=\"has-black-color has-text-color has-link-color wp-elements-1adc1b2ee14a85cd397ec81502907180\">Fotogalerie <strong><a href=\"https:\/\/drive.google.com\/drive\/folders\/14Th-ZCAg4VThVMLcaSCukauxnlwjBJDf?usp=sharing\">ZDE<\/a><\/strong>.<\/p>\n","protected":false},"excerpt":{"rendered":"<p>Spole\u010dn\u011b s polskou \u0161kolkou jsme str\u00e1vili kr\u00e1sn\u00e9 podzimn\u00ed dopoledne p\u0159i pou\u0161t\u011bn\u00ed drak\u016f na Vrchpol\u00ed. Ze \u010dty\u0159 drak\u016f se nakonec do vzduchu odv\u00e1\u017eily vzl\u00e9tnout pouze dva, ale i tak byl v\u00fdhled na placht\u00edc\u00ed draky \u00fa\u017easn\u00fd a d\u011bti nad\u0161en\u00e9. V\u00edtr n\u00e1m p\u0159\u00e1l a v\u0161ichni s radost\u00ed sledovali,&hellip;<\/p>\n","protected":false},"author":5,"featured_media":3933,"comment_status":"closed","ping_status":"open","sticky":false,"template":"","format":"standard","meta":{"footnotes":""},"categories":[72,65],"tags":[],"class_list":["post-3932","post","type-post","status-publish","format-standard","has-post-thumbnail","hentry","category-aktuality","category-materska-skola"],"_links":{"self":[{"href":"https:\/\/www.zsmilikov.cz\/index.php?rest_route=\/wp\/v2\/posts\/3932","targetHints":{"allow":["GET"]}}],"collection":[{"href":"https:\/\/www.zsmilikov.cz\/index.php?rest_route=\/wp\/v2\/posts"}],"about":[{"href":"https:\/\/www.zsmilikov.cz\/index.php?rest_route=\/wp\/v2\/types\/post"}],"author":[{"embeddable":true,"href":"https:\/\/www.zsmilikov.cz\/index.php?rest_route=\/wp\/v2\/users\/5"}],"replies":[{"embeddable":true,"href":"https:\/\/www.zsmilikov.cz\/index.php?rest_route=%2Fwp%2Fv2%2Fcomments&post=3932"}],"version-history":[{"count":2,"href":"https:\/\/www.zsmilikov.cz\/index.php?rest_route=\/wp\/v2\/posts\/3932\/revisions"}],"predecessor-version":[{"id":3935,"href":"https:\/\/www.zsmilikov.cz\/index.php?rest_route=\/wp\/v2\/posts\/3932\/revisions\/3935"}],"wp:featuredmedia":[{"embeddable":true,"href":"https:\/\/www.zsmilikov.cz\/index.php?rest_route=\/wp\/v2\/media\/3933"}],"wp:attachment":[{"href":"https:\/\/www.zsmilikov.cz\/index.php?rest_route=%2Fwp%2Fv2%2Fmedia&parent=3932"}],"wp:term":[{"taxonomy":"category","embeddable":true,"href":"https:\/\/www.zsmilikov.cz\/index.php?rest_route=%2Fwp%2Fv2%2Fcategories&post=3932"},{"taxonomy":"post_tag","embeddable":true,"href":"https:\/\/www.zsmilikov.cz\/index.php?rest_route=%2Fwp%2Fv2%2Ftags&post=3932"}],"curies":[{"name":"wp","href":"https:\/\/api.w.org\/{rel}","templated":true}]}}