{"id":3936,"date":"2025-10-24T11:54:19","date_gmt":"2025-10-24T09:54:19","guid":{"rendered":"https:\/\/www.zsmilikov.cz\/?p=3936"},"modified":"2025-10-24T11:54:57","modified_gmt":"2025-10-24T09:54:57","slug":"podzimni-slavnosti-dopoledne-plne-barev-tvoreni-a-radosti","status":"publish","type":"post","link":"https:\/\/www.zsmilikov.cz\/?p=3936","title":{"rendered":"PODZIMN\u00cd SLAVNOSTI \u2013 DOPOLEDNE PLN\u00c9 BAREV, TVO\u0158EN\u00cd A RADOSTI"},"content":{"rendered":"\n<p class=\"has-black-color has-text-color has-link-color wp-elements-9cec045de66fcbd29d63aceddfa8983b\">Ve \u010dtvrtek dopoledne o\u017eily prostory na\u0161\u00ed \u0161koly podzimn\u00edmi barvami a tvo\u0159ivou atmosf\u00e9rou. Nam\u00edsto b\u011b\u017en\u00e9 v\u00fduky se \u017e\u00e1ci zapojili do\u00a0<em>Podzimn\u00edch slavnost\u00ed<\/em>\u00a0\u2013 projektov\u00e9ho dopoledne zam\u011b\u0159en\u00e9ho na tvo\u0159en\u00ed, spolupr\u00e1ci a radost ze spole\u010dn\u011b str\u00e1ven\u00e9ho \u010dasu. Ve skupink\u00e1ch \u017e\u00e1ci vyr\u00e1b\u011bli nejr\u016fzn\u011bj\u0161\u00ed podzimn\u00ed dekorace \u2013 je\u017eky z list\u00ed a brambor, d\u00fd\u0148ov\u00e1 stra\u0161id\u00fdlka nebo sovi\u010dky z \u0161i\u0161ek.\u00a0Atmosf\u00e9ra byla skv\u011bl\u00e1, v\u0161ichni si dopoledne u\u017eili. V\u00fdsledkem jsou kr\u00e1sn\u00e9 v\u00fdtvory, kter\u00e9 n\u00e1m budou p\u0159ipom\u00ednat, jak barevn\u00fd a vesel\u00fd m\u016f\u017ee b\u00fdt podzim, kdy\u017e ho pro\u017e\u00edv\u00e1me spole\u010dn\u011b.<\/p>\n\n\n\n<p class=\"has-black-color has-text-color has-link-color wp-elements-6cbec3fd86ab87e25c0db84cdddeae47\">Fotogalerie <strong><a href=\"https:\/\/drive.google.com\/drive\/folders\/1G16w6jVHjJmVRtkWLYtwKiKiAK8pG878?usp=sharing\">ZDE<\/a><\/strong>.<\/p>\n","protected":false},"excerpt":{"rendered":"<p>Ve \u010dtvrtek dopoledne o\u017eily prostory na\u0161\u00ed \u0161koly podzimn\u00edmi barvami a tvo\u0159ivou atmosf\u00e9rou. Nam\u00edsto b\u011b\u017en\u00e9 v\u00fduky se \u017e\u00e1ci zapojili do\u00a0Podzimn\u00edch slavnost\u00ed\u00a0\u2013 projektov\u00e9ho dopoledne zam\u011b\u0159en\u00e9ho na tvo\u0159en\u00ed, spolupr\u00e1ci a radost ze spole\u010dn\u011b str\u00e1ven\u00e9ho \u010dasu. Ve skupink\u00e1ch \u017e\u00e1ci vyr\u00e1b\u011bli nejr\u016fzn\u011bj\u0161\u00ed podzimn\u00ed dekorace \u2013 je\u017eky z list\u00ed a brambor,&hellip;<\/p>\n","protected":false},"author":5,"featured_media":3938,"comment_status":"closed","ping_status":"open","sticky":false,"template":"","format":"standard","meta":{"footnotes":""},"categories":[72,64],"tags":[],"class_list":["post-3936","post","type-post","status-publish","format-standard","has-post-thumbnail","hentry","category-aktuality","category-zakladni-skola"],"_links":{"self":[{"href":"https:\/\/www.zsmilikov.cz\/index.php?rest_route=\/wp\/v2\/posts\/3936","targetHints":{"allow":["GET"]}}],"collection":[{"href":"https:\/\/www.zsmilikov.cz\/index.php?rest_route=\/wp\/v2\/posts"}],"about":[{"href":"https:\/\/www.zsmilikov.cz\/index.php?rest_route=\/wp\/v2\/types\/post"}],"author":[{"embeddable":true,"href":"https:\/\/www.zsmilikov.cz\/index.php?rest_route=\/wp\/v2\/users\/5"}],"replies":[{"embeddable":true,"href":"https:\/\/www.zsmilikov.cz\/index.php?rest_route=%2Fwp%2Fv2%2Fcomments&post=3936"}],"version-history":[{"count":2,"href":"https:\/\/www.zsmilikov.cz\/index.php?rest_route=\/wp\/v2\/posts\/3936\/revisions"}],"predecessor-version":[{"id":3939,"href":"https:\/\/www.zsmilikov.cz\/index.php?rest_route=\/wp\/v2\/posts\/3936\/revisions\/3939"}],"wp:featuredmedia":[{"embeddable":true,"href":"https:\/\/www.zsmilikov.cz\/index.php?rest_route=\/wp\/v2\/media\/3938"}],"wp:attachment":[{"href":"https:\/\/www.zsmilikov.cz\/index.php?rest_route=%2Fwp%2Fv2%2Fmedia&parent=3936"}],"wp:term":[{"taxonomy":"category","embeddable":true,"href":"https:\/\/www.zsmilikov.cz\/index.php?rest_route=%2Fwp%2Fv2%2Fcategories&post=3936"},{"taxonomy":"post_tag","embeddable":true,"href":"https:\/\/www.zsmilikov.cz\/index.php?rest_route=%2Fwp%2Fv2%2Ftags&post=3936"}],"curies":[{"name":"wp","href":"https:\/\/api.w.org\/{rel}","templated":true}]}}