{"id":4023,"date":"2026-01-26T08:09:03","date_gmt":"2026-01-26T07:09:03","guid":{"rendered":"https:\/\/www.zsmilikov.cz\/?p=4023"},"modified":"2026-01-26T08:09:26","modified_gmt":"2026-01-26T07:09:26","slug":"karneval-5","status":"publish","type":"post","link":"https:\/\/www.zsmilikov.cz\/?p=4023","title":{"rendered":"KARNEVAL"},"content":{"rendered":"\n<p class=\"has-black-color has-text-color has-link-color wp-elements-812733694e5057a395b07f320e0fa10c\">V p\u00e1tek 23. ledna se v prostor\u00e1ch PZKO v Mil\u00edkov\u011b &#8211; Pasek\u00e1ch uskute\u010dnil vesel\u00fd d\u011btsk\u00fd karneval ur\u010den\u00fd d\u011btem z mate\u0159sk\u00e9 i z\u00e1kladn\u00ed \u0161koly. Cel\u00e9 odpoledne se neslo v duchu sm\u00edchu, barevn\u00fdch masek a dobr\u00e9 n\u00e1lady.<br>Program karnevalu zah\u00e1jilo kr\u00e1tk\u00e9 vystoupen\u00ed d\u011bt\u00ed, kter\u00e9 pot\u011b\u0161ilo v\u0161echny p\u0159\u00edtomn\u00e9 rodi\u010de i hosty. N\u00e1sledn\u011b se d\u011bti zapojily do z\u00e1bavn\u00e9ho programu pod veden\u00edm pan\u00ed Leny Freyov\u00e9, kter\u00fd byl pln\u00fd her, sout\u011b\u017e\u00ed a tance. Velk\u00fdm l\u00e1kadlem byla tak\u00e9 tombola, je\u017e p\u0159inesla nejen d\u011btem dal\u0161\u00ed radostn\u00e1 p\u0159ekvapen\u00ed.<br>Pro mal\u00e9 \u00fa\u010dastn\u00edky bylo p\u0159ipraveno bohat\u00e9 ob\u010derstven\u00ed a \u017e\u00e1dn\u00e1 maska neode\u0161la s pr\u00e1zdnou \u2013 v\u0161echny d\u011bti byly odm\u011bn\u011bny mil\u00fdm d\u00e1re\u010dkem.<br>Velk\u00e9 pod\u011bkov\u00e1n\u00ed pat\u0159\u00ed rodi\u010d\u016fm, kte\u0159\u00ed se pod\u00edleli na p\u0159\u00edprav\u011b karnevalu a pomohli vytvo\u0159it p\u0159\u00edjemnou a\u00a0slavnostn\u00ed atmosf\u00e9ru. D\u00edky jejich \u00fasil\u00ed si d\u011bti odnesly kr\u00e1sn\u00e9 z\u00e1\u017eitky, na kter\u00e9 budou dlouho vzpom\u00ednat.<\/p>\n\n\n\n<p class=\"has-black-color has-text-color has-link-color wp-elements-138193f0f5e6e1e5163eb4131116fe8f\">Fotogalerie <strong><a href=\"https:\/\/drive.google.com\/drive\/folders\/18xqgktd1orCtAijep73B8WLzhOqp8kZe?usp=sharing\">ZDE<\/a><\/strong>.<\/p>\n","protected":false},"excerpt":{"rendered":"<p>V p\u00e1tek 23. ledna se v prostor\u00e1ch PZKO v Mil\u00edkov\u011b &#8211; Pasek\u00e1ch uskute\u010dnil vesel\u00fd d\u011btsk\u00fd karneval ur\u010den\u00fd d\u011btem z mate\u0159sk\u00e9 i z\u00e1kladn\u00ed \u0161koly. Cel\u00e9 odpoledne se neslo v duchu sm\u00edchu, barevn\u00fdch masek a dobr\u00e9 n\u00e1lady.Program karnevalu zah\u00e1jilo kr\u00e1tk\u00e9 vystoupen\u00ed d\u011bt\u00ed, kter\u00e9 pot\u011b\u0161ilo v\u0161echny p\u0159\u00edtomn\u00e9 rodi\u010de&hellip;<\/p>\n","protected":false},"author":5,"featured_media":4024,"comment_status":"closed","ping_status":"open","sticky":false,"template":"","format":"standard","meta":{"footnotes":""},"categories":[72,65,64],"tags":[],"class_list":["post-4023","post","type-post","status-publish","format-standard","has-post-thumbnail","hentry","category-aktuality","category-materska-skola","category-zakladni-skola"],"_links":{"self":[{"href":"https:\/\/www.zsmilikov.cz\/index.php?rest_route=\/wp\/v2\/posts\/4023","targetHints":{"allow":["GET"]}}],"collection":[{"href":"https:\/\/www.zsmilikov.cz\/index.php?rest_route=\/wp\/v2\/posts"}],"about":[{"href":"https:\/\/www.zsmilikov.cz\/index.php?rest_route=\/wp\/v2\/types\/post"}],"author":[{"embeddable":true,"href":"https:\/\/www.zsmilikov.cz\/index.php?rest_route=\/wp\/v2\/users\/5"}],"replies":[{"embeddable":true,"href":"https:\/\/www.zsmilikov.cz\/index.php?rest_route=%2Fwp%2Fv2%2Fcomments&post=4023"}],"version-history":[{"count":1,"href":"https:\/\/www.zsmilikov.cz\/index.php?rest_route=\/wp\/v2\/posts\/4023\/revisions"}],"predecessor-version":[{"id":4025,"href":"https:\/\/www.zsmilikov.cz\/index.php?rest_route=\/wp\/v2\/posts\/4023\/revisions\/4025"}],"wp:featuredmedia":[{"embeddable":true,"href":"https:\/\/www.zsmilikov.cz\/index.php?rest_route=\/wp\/v2\/media\/4024"}],"wp:attachment":[{"href":"https:\/\/www.zsmilikov.cz\/index.php?rest_route=%2Fwp%2Fv2%2Fmedia&parent=4023"}],"wp:term":[{"taxonomy":"category","embeddable":true,"href":"https:\/\/www.zsmilikov.cz\/index.php?rest_route=%2Fwp%2Fv2%2Fcategories&post=4023"},{"taxonomy":"post_tag","embeddable":true,"href":"https:\/\/www.zsmilikov.cz\/index.php?rest_route=%2Fwp%2Fv2%2Ftags&post=4023"}],"curies":[{"name":"wp","href":"https:\/\/api.w.org\/{rel}","templated":true}]}}